{"id":6013,"date":"2020-02-03T16:12:05","date_gmt":"2020-02-03T14:12:05","guid":{"rendered":"https:\/\/parkstrunjan.si\/non-categorizzato\/tri-desetletja-od-ustanovitve-parka\/"},"modified":"2020-03-04T11:50:13","modified_gmt":"2020-03-04T09:50:13","slug":"tre-decenni-dalla-fondazione-del-parco","status":"publish","type":"post","link":"https:\/\/parkstrunjan.si\/it\/tre-decenni-dalla-fondazione-del-parco\/","title":{"rendered":"Tre decenni dalla fondazione del parco"},"content":{"rendered":"<p>&nbsp;<\/p>\n<p>V zadnjem mesecu leta 1989 sta skup\u0161\u010dini Ob\u010dine Izola in Piran sprejeli odlok o razglasitvi Krajinskega parka Strunjan, odloka pa sta bila nato januarja meseca objavljena v uradnih listih in z njimi se je obmo\u010dje, ki ga danes poznamo kot Krajinski park Strunjan, zavarovalo na lokalni ravni. \u00a0Tako je prav danes dan, ko je stopil odlok v veljavo in Krajinski park Strunjan praznuje 30 let.<\/p>\n<p>\u017de pred tridesetimi leti so avtorji strokovnih podlag v uvodnik napisali \u00bbNaravno okolje, iz katerega \u010dlovek \u010drpa \u017eivljenjsko pomembne dobrine (voda, zrak, rudnine, \u2026)in do katerega se je \u0161e do v\u010deraj (in se marsikje \u0161e danes) obna\u0161al skrajno neodgovorno, agresivno in podcenjujo\u010de, postaja zaradi svoje degradacije in svoje vse bolj fragmentirane ohranjenosti, vse pogosteje predmet pogovorov in razprav v katerih so zahteve po njegovem varstvu preglasile zahteve po brezmejnem izkori\u0161\u010danju dobrin, ki nam jih nudi.\u00ab<\/p>\n<p>Ob tridesetletnici ustanovitve parka se spet lahko spomnimo, kaj je bil povod za zavarovanje, kak\u0161ne so bile takratne \u017eelje vztrajnih doma\u010dinov in takratnega Zavoda za varstvo kulturne in naravne dedi\u0161\u010dine, ki je pripomogel pri izdelavi strokovnih podlag, da se je obmo\u010dje parka lahko ovrednotilo v \u0161ir\u0161em kontekstu in prepoznalo njegovo vrednost.<\/p>\n<p>Obenem se lahko poigramo z mislijo, kako bi ta prostor izgledal, \u00a0\u010de bi ga prepustili \u010dlove\u0161kim ambicijam, brez zavarovanja narave. \u0160e vedno ga sicer ne moremo v popolnosti lo\u010diti od vseh negativnih antropogenih vplivov, a dajmo poskusiti. Mar mislite, da bi \u0161e lahko ob\u010dudovali razlo\u017eeno obliko naselja, dvostranski pinijev drevored, najvi\u0161je fli\u0161ne klife, edino morsko laguno in soline, kjer se sol \u0161e prideluje po 700 let starem postopku?<\/p>\n<p>Iz slehernega stavka, ki ga najdemo v \u010dlankih in spremljajo\u010dem arhivu, povezanem z zavarovanjem obmo\u010dja, je razbrati skrb do tega ranljivega, unikatnega prostora. Iz vseh veje skrb, da se prostora z vsemi njegovimi kvalitetami, naravnimi, bivanjskimi, kulturnimi, ne bi izgubilo.\u00a0 Doma\u010dini so dovolj zgodaj uvideli, da varstvo narave in kulturne dedi\u0161\u010dine ni ovira za razvoj, temve\u010d izhodi\u0161\u010de za zdravo \u010dlove\u0161ko okolje in druga\u010dno, bolj\u0161o kvaliteto bivanja. Kljub temu, da so bili marsikdaj ogor\u010deni in jezni, da se kaj ne naredi prej, bolje ali druga\u010de, so na tem vztrajali. Zavedali so se, da si ne predstavljajo Strunjana brez solin in lagune, da si v najlep\u0161em zalivu dale\u010d naokoli ne \u017eelijo betona, da si v morju \u017eelijo obilico rib in na vrtu pti\u010djega petja in tako je \u0161e danes.<\/p>\n<p>Ohranjanje narave je vedno ve\u010dji izziv in zavedati se moramo, da \u010dlovek \u0161e nikoli ni deloval tako kvarno do narave kot v zadnjih desetletjih. Zato je prav, da pustimo dolo\u010dene dele na\u0161ega planeta neokrnjene, to\u010dno take kot so in vanje ne posegamo, ker so prav taki najlep\u0161i in nam le taki najve\u010d podarjajo.<\/p>\n<p>&nbsp;<\/p>\n","protected":false},"excerpt":{"rendered":"<p>&nbsp; V zadnjem mesecu leta 1989 sta skup\u0161\u010dini Ob\u010dine Izola in Piran sprejeli odlok o razglasitvi Krajinskega parka Strunjan, odloka pa sta bila nato januarja meseca objavljena v uradnih listih in z njimi se je obmo\u010dje, ki ga danes poznamo kot Krajinski park Strunjan, zavarovalo na lokalni ravni. \u00a0Tako je prav danes dan, ko je [&hellip;]<\/p>\n","protected":false},"author":14,"featured_media":5924,"comment_status":"closed","ping_status":"closed","sticky":false,"template":"","format":"standard","meta":{"_acf_changed":false,"footnotes":""},"categories":[19],"class_list":["post-6013","post","type-post","status-publish","has-post-thumbnail","hentry","category-notizie"],"acf":[],"yoast_head":"<!-- This site is optimized with the Yoast SEO plugin v26.8 - https:\/\/yoast.com\/product\/yoast-seo-wordpress\/ -->\n<title>Tre decenni dalla fondazione del parco | Krajinski park Strunjan<\/title>\n<meta name=\"robots\" content=\"index, follow, max-snippet:-1, max-image-preview:large, max-video-preview:-1\" \/>\n<link rel=\"canonical\" href=\"https:\/\/parkstrunjan.si\/it\/tre-decenni-dalla-fondazione-del-parco\/\" \/>\n<meta property=\"og:locale\" content=\"it_IT\" \/>\n<meta property=\"og:type\" content=\"article\" \/>\n<meta property=\"og:title\" content=\"Tre decenni dalla fondazione del parco | Krajinski park Strunjan\" \/>\n<meta property=\"og:description\" content=\"&nbsp; V zadnjem mesecu leta 1989 sta skup\u0161\u010dini Ob\u010dine Izola in Piran sprejeli odlok o razglasitvi Krajinskega parka Strunjan, odloka pa sta bila nato januarja meseca objavljena v uradnih listih in z njimi se je obmo\u010dje, ki ga danes poznamo kot Krajinski park Strunjan, zavarovalo na lokalni ravni. \u00a0Tako je prav danes dan, ko je [&hellip;]\" \/>\n<meta property=\"og:url\" content=\"https:\/\/parkstrunjan.si\/it\/tre-decenni-dalla-fondazione-del-parco\/\" \/>\n<meta property=\"og:site_name\" content=\"Krajinski park Strunjan\" \/>\n<meta property=\"article:published_time\" content=\"2020-02-03T14:12:05+00:00\" \/>\n<meta property=\"article:modified_time\" content=\"2020-03-04T09:50:13+00:00\" \/>\n<meta property=\"og:image\" content=\"https:\/\/parkstrunjan.si\/wp-content\/uploads\/2020\/02\/20200203_150013-e1580739064235.jpg\" \/>\n\t<meta property=\"og:image:width\" content=\"1440\" \/>\n\t<meta property=\"og:image:height\" content=\"1920\" \/>\n\t<meta property=\"og:image:type\" content=\"image\/jpeg\" \/>\n<meta name=\"author\" content=\"Brina Knez\" \/>\n<meta name=\"twitter:card\" content=\"summary_large_image\" \/>\n<meta name=\"twitter:label1\" content=\"Scritto da\" \/>\n\t<meta name=\"twitter:data1\" content=\"Brina Knez\" \/>\n\t<meta name=\"twitter:label2\" content=\"Tempo di lettura stimato\" \/>\n\t<meta name=\"twitter:data2\" content=\"2 minuti\" \/>\n<script type=\"application\/ld+json\" class=\"yoast-schema-graph\">{\"@context\":\"https:\/\/schema.org\",\"@graph\":[{\"@type\":\"Article\",\"@id\":\"https:\/\/parkstrunjan.si\/it\/tre-decenni-dalla-fondazione-del-parco\/#article\",\"isPartOf\":{\"@id\":\"https:\/\/parkstrunjan.si\/it\/tre-decenni-dalla-fondazione-del-parco\/\"},\"author\":{\"name\":\"Brina Knez\",\"@id\":\"https:\/\/parkstrunjan.si\/#\/schema\/person\/2f0b3ef463c9b11bd40f345ce8c83fa0\"},\"headline\":\"Tre decenni dalla fondazione del parco\",\"datePublished\":\"2020-02-03T14:12:05+00:00\",\"dateModified\":\"2020-03-04T09:50:13+00:00\",\"mainEntityOfPage\":{\"@id\":\"https:\/\/parkstrunjan.si\/it\/tre-decenni-dalla-fondazione-del-parco\/\"},\"wordCount\":479,\"publisher\":{\"@id\":\"https:\/\/parkstrunjan.si\/#organization\"},\"image\":{\"@id\":\"https:\/\/parkstrunjan.si\/it\/tre-decenni-dalla-fondazione-del-parco\/#primaryimage\"},\"thumbnailUrl\":\"https:\/\/parkstrunjan.si\/wp-content\/uploads\/2020\/02\/20200203_150013-e1580739064235.jpg\",\"articleSection\":[\"notizie\"],\"inLanguage\":\"it-IT\"},{\"@type\":\"WebPage\",\"@id\":\"https:\/\/parkstrunjan.si\/it\/tre-decenni-dalla-fondazione-del-parco\/\",\"url\":\"https:\/\/parkstrunjan.si\/it\/tre-decenni-dalla-fondazione-del-parco\/\",\"name\":\"Tre decenni dalla fondazione del parco | Krajinski park Strunjan\",\"isPartOf\":{\"@id\":\"https:\/\/parkstrunjan.si\/#website\"},\"primaryImageOfPage\":{\"@id\":\"https:\/\/parkstrunjan.si\/it\/tre-decenni-dalla-fondazione-del-parco\/#primaryimage\"},\"image\":{\"@id\":\"https:\/\/parkstrunjan.si\/it\/tre-decenni-dalla-fondazione-del-parco\/#primaryimage\"},\"thumbnailUrl\":\"https:\/\/parkstrunjan.si\/wp-content\/uploads\/2020\/02\/20200203_150013-e1580739064235.jpg\",\"datePublished\":\"2020-02-03T14:12:05+00:00\",\"dateModified\":\"2020-03-04T09:50:13+00:00\",\"breadcrumb\":{\"@id\":\"https:\/\/parkstrunjan.si\/it\/tre-decenni-dalla-fondazione-del-parco\/#breadcrumb\"},\"inLanguage\":\"it-IT\",\"potentialAction\":[{\"@type\":\"ReadAction\",\"target\":[\"https:\/\/parkstrunjan.si\/it\/tre-decenni-dalla-fondazione-del-parco\/\"]}]},{\"@type\":\"ImageObject\",\"inLanguage\":\"it-IT\",\"@id\":\"https:\/\/parkstrunjan.si\/it\/tre-decenni-dalla-fondazione-del-parco\/#primaryimage\",\"url\":\"https:\/\/parkstrunjan.si\/wp-content\/uploads\/2020\/02\/20200203_150013-e1580739064235.jpg\",\"contentUrl\":\"https:\/\/parkstrunjan.si\/wp-content\/uploads\/2020\/02\/20200203_150013-e1580739064235.jpg\",\"width\":1440,\"height\":1920},{\"@type\":\"BreadcrumbList\",\"@id\":\"https:\/\/parkstrunjan.si\/it\/tre-decenni-dalla-fondazione-del-parco\/#breadcrumb\",\"itemListElement\":[{\"@type\":\"ListItem\",\"position\":1,\"name\":\"Home\",\"item\":\"https:\/\/parkstrunjan.si\/it\/\"},{\"@type\":\"ListItem\",\"position\":2,\"name\":\"Tre decenni dalla fondazione del parco\"}]},{\"@type\":\"WebSite\",\"@id\":\"https:\/\/parkstrunjan.si\/#website\",\"url\":\"https:\/\/parkstrunjan.si\/\",\"name\":\"Krajinski park Strunjan\",\"description\":\"Kjer se sre\u010dujeta kopno in morje\",\"publisher\":{\"@id\":\"https:\/\/parkstrunjan.si\/#organization\"},\"potentialAction\":[{\"@type\":\"SearchAction\",\"target\":{\"@type\":\"EntryPoint\",\"urlTemplate\":\"https:\/\/parkstrunjan.si\/?s={search_term_string}\"},\"query-input\":{\"@type\":\"PropertyValueSpecification\",\"valueRequired\":true,\"valueName\":\"search_term_string\"}}],\"inLanguage\":\"it-IT\"},{\"@type\":\"Organization\",\"@id\":\"https:\/\/parkstrunjan.si\/#organization\",\"name\":\"Krajinski park Strunjan\",\"url\":\"https:\/\/parkstrunjan.si\/\",\"logo\":{\"@type\":\"ImageObject\",\"inLanguage\":\"it-IT\",\"@id\":\"https:\/\/parkstrunjan.si\/#\/schema\/logo\/image\/\",\"url\":\"https:\/\/parkstrunjan.si\/wp-content\/uploads\/2019\/04\/www_parkstrunjan_si_422aadf1f29e0bd85fddab969ddc1b56.png\",\"contentUrl\":\"https:\/\/parkstrunjan.si\/wp-content\/uploads\/2019\/04\/www_parkstrunjan_si_422aadf1f29e0bd85fddab969ddc1b56.png\",\"width\":311,\"height\":339,\"caption\":\"Krajinski park Strunjan\"},\"image\":{\"@id\":\"https:\/\/parkstrunjan.si\/#\/schema\/logo\/image\/\"}},{\"@type\":\"Person\",\"@id\":\"https:\/\/parkstrunjan.si\/#\/schema\/person\/2f0b3ef463c9b11bd40f345ce8c83fa0\",\"name\":\"Brina Knez\",\"image\":{\"@type\":\"ImageObject\",\"inLanguage\":\"it-IT\",\"@id\":\"https:\/\/parkstrunjan.si\/#\/schema\/person\/image\/\",\"url\":\"https:\/\/secure.gravatar.com\/avatar\/8b85bbf46e8b5db968ad158e017011c6bee0ade35f8f0862fb20ac89b25c527b?s=96&d=mm&r=g\",\"contentUrl\":\"https:\/\/secure.gravatar.com\/avatar\/8b85bbf46e8b5db968ad158e017011c6bee0ade35f8f0862fb20ac89b25c527b?s=96&d=mm&r=g\",\"caption\":\"Brina Knez\"},\"sameAs\":[\"http:\/\/www.parkstrunjan.si\"]}]}<\/script>\n<!-- \/ Yoast SEO plugin. -->","yoast_head_json":{"title":"Tre decenni dalla fondazione del parco | Krajinski park Strunjan","robots":{"index":"index","follow":"follow","max-snippet":"max-snippet:-1","max-image-preview":"max-image-preview:large","max-video-preview":"max-video-preview:-1"},"canonical":"https:\/\/parkstrunjan.si\/it\/tre-decenni-dalla-fondazione-del-parco\/","og_locale":"it_IT","og_type":"article","og_title":"Tre decenni dalla fondazione del parco | Krajinski park Strunjan","og_description":"&nbsp; V zadnjem mesecu leta 1989 sta skup\u0161\u010dini Ob\u010dine Izola in Piran sprejeli odlok o razglasitvi Krajinskega parka Strunjan, odloka pa sta bila nato januarja meseca objavljena v uradnih listih in z njimi se je obmo\u010dje, ki ga danes poznamo kot Krajinski park Strunjan, zavarovalo na lokalni ravni. \u00a0Tako je prav danes dan, ko je [&hellip;]","og_url":"https:\/\/parkstrunjan.si\/it\/tre-decenni-dalla-fondazione-del-parco\/","og_site_name":"Krajinski park Strunjan","article_published_time":"2020-02-03T14:12:05+00:00","article_modified_time":"2020-03-04T09:50:13+00:00","og_image":[{"width":1440,"height":1920,"url":"https:\/\/parkstrunjan.si\/wp-content\/uploads\/2020\/02\/20200203_150013-e1580739064235.jpg","type":"image\/jpeg"}],"author":"Brina Knez","twitter_card":"summary_large_image","twitter_misc":{"Scritto da":"Brina Knez","Tempo di lettura stimato":"2 minuti"},"schema":{"@context":"https:\/\/schema.org","@graph":[{"@type":"Article","@id":"https:\/\/parkstrunjan.si\/it\/tre-decenni-dalla-fondazione-del-parco\/#article","isPartOf":{"@id":"https:\/\/parkstrunjan.si\/it\/tre-decenni-dalla-fondazione-del-parco\/"},"author":{"name":"Brina Knez","@id":"https:\/\/parkstrunjan.si\/#\/schema\/person\/2f0b3ef463c9b11bd40f345ce8c83fa0"},"headline":"Tre decenni dalla fondazione del parco","datePublished":"2020-02-03T14:12:05+00:00","dateModified":"2020-03-04T09:50:13+00:00","mainEntityOfPage":{"@id":"https:\/\/parkstrunjan.si\/it\/tre-decenni-dalla-fondazione-del-parco\/"},"wordCount":479,"publisher":{"@id":"https:\/\/parkstrunjan.si\/#organization"},"image":{"@id":"https:\/\/parkstrunjan.si\/it\/tre-decenni-dalla-fondazione-del-parco\/#primaryimage"},"thumbnailUrl":"https:\/\/parkstrunjan.si\/wp-content\/uploads\/2020\/02\/20200203_150013-e1580739064235.jpg","articleSection":["notizie"],"inLanguage":"it-IT"},{"@type":"WebPage","@id":"https:\/\/parkstrunjan.si\/it\/tre-decenni-dalla-fondazione-del-parco\/","url":"https:\/\/parkstrunjan.si\/it\/tre-decenni-dalla-fondazione-del-parco\/","name":"Tre decenni dalla fondazione del parco | Krajinski park Strunjan","isPartOf":{"@id":"https:\/\/parkstrunjan.si\/#website"},"primaryImageOfPage":{"@id":"https:\/\/parkstrunjan.si\/it\/tre-decenni-dalla-fondazione-del-parco\/#primaryimage"},"image":{"@id":"https:\/\/parkstrunjan.si\/it\/tre-decenni-dalla-fondazione-del-parco\/#primaryimage"},"thumbnailUrl":"https:\/\/parkstrunjan.si\/wp-content\/uploads\/2020\/02\/20200203_150013-e1580739064235.jpg","datePublished":"2020-02-03T14:12:05+00:00","dateModified":"2020-03-04T09:50:13+00:00","breadcrumb":{"@id":"https:\/\/parkstrunjan.si\/it\/tre-decenni-dalla-fondazione-del-parco\/#breadcrumb"},"inLanguage":"it-IT","potentialAction":[{"@type":"ReadAction","target":["https:\/\/parkstrunjan.si\/it\/tre-decenni-dalla-fondazione-del-parco\/"]}]},{"@type":"ImageObject","inLanguage":"it-IT","@id":"https:\/\/parkstrunjan.si\/it\/tre-decenni-dalla-fondazione-del-parco\/#primaryimage","url":"https:\/\/parkstrunjan.si\/wp-content\/uploads\/2020\/02\/20200203_150013-e1580739064235.jpg","contentUrl":"https:\/\/parkstrunjan.si\/wp-content\/uploads\/2020\/02\/20200203_150013-e1580739064235.jpg","width":1440,"height":1920},{"@type":"BreadcrumbList","@id":"https:\/\/parkstrunjan.si\/it\/tre-decenni-dalla-fondazione-del-parco\/#breadcrumb","itemListElement":[{"@type":"ListItem","position":1,"name":"Home","item":"https:\/\/parkstrunjan.si\/it\/"},{"@type":"ListItem","position":2,"name":"Tre decenni dalla fondazione del parco"}]},{"@type":"WebSite","@id":"https:\/\/parkstrunjan.si\/#website","url":"https:\/\/parkstrunjan.si\/","name":"Krajinski park Strunjan","description":"Kjer se sre\u010dujeta kopno in morje","publisher":{"@id":"https:\/\/parkstrunjan.si\/#organization"},"potentialAction":[{"@type":"SearchAction","target":{"@type":"EntryPoint","urlTemplate":"https:\/\/parkstrunjan.si\/?s={search_term_string}"},"query-input":{"@type":"PropertyValueSpecification","valueRequired":true,"valueName":"search_term_string"}}],"inLanguage":"it-IT"},{"@type":"Organization","@id":"https:\/\/parkstrunjan.si\/#organization","name":"Krajinski park Strunjan","url":"https:\/\/parkstrunjan.si\/","logo":{"@type":"ImageObject","inLanguage":"it-IT","@id":"https:\/\/parkstrunjan.si\/#\/schema\/logo\/image\/","url":"https:\/\/parkstrunjan.si\/wp-content\/uploads\/2019\/04\/www_parkstrunjan_si_422aadf1f29e0bd85fddab969ddc1b56.png","contentUrl":"https:\/\/parkstrunjan.si\/wp-content\/uploads\/2019\/04\/www_parkstrunjan_si_422aadf1f29e0bd85fddab969ddc1b56.png","width":311,"height":339,"caption":"Krajinski park Strunjan"},"image":{"@id":"https:\/\/parkstrunjan.si\/#\/schema\/logo\/image\/"}},{"@type":"Person","@id":"https:\/\/parkstrunjan.si\/#\/schema\/person\/2f0b3ef463c9b11bd40f345ce8c83fa0","name":"Brina Knez","image":{"@type":"ImageObject","inLanguage":"it-IT","@id":"https:\/\/parkstrunjan.si\/#\/schema\/person\/image\/","url":"https:\/\/secure.gravatar.com\/avatar\/8b85bbf46e8b5db968ad158e017011c6bee0ade35f8f0862fb20ac89b25c527b?s=96&d=mm&r=g","contentUrl":"https:\/\/secure.gravatar.com\/avatar\/8b85bbf46e8b5db968ad158e017011c6bee0ade35f8f0862fb20ac89b25c527b?s=96&d=mm&r=g","caption":"Brina Knez"},"sameAs":["http:\/\/www.parkstrunjan.si"]}]}},"_links":{"self":[{"href":"https:\/\/parkstrunjan.si\/it\/wp-json\/wp\/v2\/posts\/6013","targetHints":{"allow":["GET"]}}],"collection":[{"href":"https:\/\/parkstrunjan.si\/it\/wp-json\/wp\/v2\/posts"}],"about":[{"href":"https:\/\/parkstrunjan.si\/it\/wp-json\/wp\/v2\/types\/post"}],"author":[{"embeddable":true,"href":"https:\/\/parkstrunjan.si\/it\/wp-json\/wp\/v2\/users\/14"}],"replies":[{"embeddable":true,"href":"https:\/\/parkstrunjan.si\/it\/wp-json\/wp\/v2\/comments?post=6013"}],"version-history":[{"count":0,"href":"https:\/\/parkstrunjan.si\/it\/wp-json\/wp\/v2\/posts\/6013\/revisions"}],"wp:featuredmedia":[{"embeddable":true,"href":"https:\/\/parkstrunjan.si\/it\/wp-json\/wp\/v2\/media\/5924"}],"wp:attachment":[{"href":"https:\/\/parkstrunjan.si\/it\/wp-json\/wp\/v2\/media?parent=6013"}],"wp:term":[{"taxonomy":"category","embeddable":true,"href":"https:\/\/parkstrunjan.si\/it\/wp-json\/wp\/v2\/categories?post=6013"}],"curies":[{"name":"wp","href":"https:\/\/api.w.org\/{rel}","templated":true}]}}